{"id":199,"date":"2017-02-24T21:30:47","date_gmt":"2017-02-24T21:30:47","guid":{"rendered":"http:\/\/debian-economist.eu\/wp\/?p=199"},"modified":"2021-11-15T15:32:02","modified_gmt":"2021-11-15T15:32:02","slug":"les-references-antisemites-chez-le-raptor-dissident","status":"publish","type":"post","link":"https:\/\/debian-economist.eu\/wp\/?p=199","title":{"rendered":"Les r\u00e9f\u00e9rences antis\u00e9mites chez le raptor dissident"},"content":{"rendered":"<p>Un mot m&rsquo;a tout de suite fait bondir dans la <a href=\"https:\/\/www.youtube.com\/watch?v=Ug3j4zPpmww\">bande annonce<\/a> du prochain \u00e9pisode du raptor dissident sur le 8 novembre 2016 (jour de l&rsquo;\u00e9lection de Trump), celui de \u00ab\u00a0cosmopolite\u00a0\u00bb.<\/p>\n<p>Cette accusation \u00e9tait aussi bien pr\u00e9sente chez les nazis que chez les staliniens. Hitler employait ce mot dans <a href=\"http:\/\/www.phdn.org\/histgen\/hitler\/declarations.html\">Mein Kampf<\/a> pour insister sur l&rsquo;absence de patrie des Juifs qui combattent \u00ab\u00a0pour la domination des autres peuples\u00a0\u00bb. Il repr\u00e9sente un danger pour la patrie et doit \u00e0\u00a0 ce titre \u00eatre extermin\u00e9.<\/p>\n<p>Les staliniens chasseront apr\u00e8s guerre les \u00ab\u00a0<a href=\"https:\/\/fr.wikipedia.org\/wiki\/Cosmopolite_sans_racine\">cosmopolites sans racines<\/a>\u00ab\u00a0. Cette campagne antis\u00e9mite dura de 1949 \u00e0\u00a0 1953. Elle a \u00e9t\u00e9 marqu\u00e9 par l&rsquo;assassinat d&rsquo;\u00e9crivains yiddish, la purge des scientifiques juifs et qui culminera avec le \u00ab\u00a0complot des blouses blanches\u00a0\u00bb. Les m\u00e9decins personnels de Staline, juifs pour une bonne partie d&rsquo;entre eux, se retrouveront accus\u00e9s \u00e0\u00a0 tort d&#8217;empoisonnement de deux hauts dignitaires sovi\u00e9tiques. Ils seront mis hors de cause \u00e0\u00a0 la mort de Staline.<\/p>\n<p>Cet antis\u00e9mitisme sous couvert d&rsquo;accusation de cosmopolite s&rsquo;est aussi retrouv\u00e9 lors des proc\u00e8s de Prague en 1952. Plusieurs cadres du parti, juifs, se retrouvent victimes d&rsquo;une machination dirig\u00e9s contre eux dans un mouvement de purge du parti tch\u00e9coslovaque. Artur London racontera comment on l&rsquo;a forc\u00e9 \u00e0\u00a0 avouer dans son livre intitul\u00e9 \u00ab\u00a0<em>L&rsquo;Aveu<\/em>\u00a0\u00bb qui sera adapt\u00e9 au cin\u00e9ma par Costa-Gavras.<br \/>\n<a href=\"https:\/\/postimg.cc\/image\/4kw7b2w0n\/\" target=\"_blank\" rel=\"noopener noreferrer\"><img decoding=\"async\" src=\"https:\/\/i.postimg.cc\/Vkytmz8C\/photo-L-Aveu-4159.jpg\" alt=\"photo.L-Aveu.4159\" border=\"0\" \/><br \/>\n<\/a><a href=\"https:\/\/postimg.cc\/image\/4kw7b2w0n\/\" target=\"_blank\" rel=\"noopener noreferrer\">Artur London (jou\u00e9 par l&rsquo;extraordinaire Yves Montand) interrog\u00e9 violemment par la police secr\u00e8te. <\/a><\/p>\n<p>J&rsquo;ai d\u00e9j\u00e0\u00a0 eu l&rsquo;occasion d&rsquo;\u00e9voquer les <a href=\"https:\/\/debian-economist.eu\/wp\/?p=68\">affinit\u00e9s que le Raptor noue avec l&rsquo;extr\u00eame-droite<\/a>. Le vid\u00e9aste Franck Brusset a aussi largement abord\u00e9<a href=\"https:\/\/debian-economist.eu\/wp\/?p=120\"> l&rsquo;affiliation du reptile avec Alain Soral<\/a> dans une de ses vid\u00e9os. Dans ce contexte, les r\u00e9f\u00e9rences antis\u00e9mites ne sont pas \u00e9tonnantes. Le dinosaure envoie des signes favorables \u00e0\u00a0 l&rsquo;alt-right tr\u00e8s pr\u00e9sente sur le forum jeux-video.com. Il ne faut pas oublier que <a href=\"https:\/\/fr.wikipedia.org\/wiki\/Richard_B._Spencer\">Richard Spencer<\/a>, une des t\u00eates pensantes de l&rsquo;alt-right (il en est du moins l&rsquo;inventeur du mot), est un <a href=\"http:\/\/www.irehr.org\/2017\/01\/05\/richard-spencer-alt-right-white-nationalist-anti-semite\/\">antis\u00e9mite patent\u00e9<\/a>. Pour satisfaire son public, le carnivore fera des r\u00e9f\u00e9rences antis\u00e9mites tout comme il peut en faire des plus anodines (comme El Risitas, devenu un m\u00e8me embl\u00e9matique des kheys de jeux-video.com). Il est important de relever que Richard Spencer \u00e9tait un soutien actif de Trump tout comme une bonne partie des membres du forum vid\u00e9o-ludique. Pendant, la campagne Trump s&rsquo;est fait remarquer par des <a href=\"http:\/\/edition.cnn.com\/2016\/07\/04\/politics\/donald-trump-star-of-david-tweet-explained\/index.html\">images antis\u00e9mites<\/a>. N\u00e9anmoins, <a href=\"http:\/\/www.ibtimes.com\/trump-condemns-alt-right-support-richard-spencer-members-react-president-elects-2450209\">il s&rsquo;est empress\u00e9 de se d\u00e9barrasser de ses alli\u00e9s encombrants<\/a> de l&rsquo;alt-right deux semaines apr\u00e8s l&rsquo;\u00e9lection. Enfin, en cette fin de mois de f\u00e9vrier 2017, il a \u00e9nonc\u00e9 sa <a href=\"http:\/\/www.reuters.com\/article\/us-usa-trump-antisemitism-idUSKBN1601QY\">premi\u00e8re condamnation formelle des actes antis\u00e9mites<\/a>.<\/p>\n<p>Dans ce contexte particuli\u00e8rement mouvement\u00e9 de la campagne et de la pr\u00e9sidence Trump o\u00f9 la haine raciale a \u00e9t\u00e9 d\u00e9cupl\u00e9e, les r\u00e9f\u00e9rences antis\u00e9mites du dinosaure posent question. De plus, ce n&rsquo;est pas la premi\u00e8re fois que l&rsquo;auto-proclam\u00e9 dissident laisse des r\u00e9f\u00e9rences antis\u00e9mites dans ses vid\u00e9os comme le notait un utilisateur facebook:<\/p>\n<blockquote><p><span data-ft=\"{&quot;tn&quot;:&quot;K&quot;}\"><span class=\"UFICommentBody _1n4g\">Je viens de revoir \u00e0\u00a0 l&rsquo;instant la <a href=\"https:\/\/www.youtube.com\/watch?v=O_Gu-qS4BS8\">vid\u00e9o du Raptor Dissident concernant Tibo in shape<\/a> et j&rsquo;ai constat\u00e9 des choses graves et sans \u00e9quivoque, \u00e0\u00a0 2:56, il utilise le drapeau et la silhouette d&rsquo;Isra\u00ebl sans raison valable au sujet du \u00ab\u00a0tipeee d&rsquo;or\u00a0\u00bb et des \u00ab\u00a0quatre coins de l&rsquo;Europe\u00a0\u00bb avec celui de la Turquie et le logo d&rsquo;Apple<\/span><\/span><\/p><\/blockquote>\n<p><a href=\"https:\/\/postimg.cc\/image\/64908kdzb\/\" target=\"_blank\" rel=\"noopener noreferrer\"><img decoding=\"async\" src=\"https:\/\/i.postimg.cc\/zGVP9Mph\/14581473-10153840092837385-8410473483717860049-n.jpg\" alt=\"Capture de la vid\u00e9o du Raptor sur Tibo Inshape o\u00f9 on voit le drapeau d'Isra\u00ebl\" border=\"0\" \/><\/a><\/p>\n<p>Tiens, tiens, cela ne rappellerait-il donc pas l&rsquo;image du Juif cosmopolite? L&rsquo;utilisateur attentif ajoute:<\/p>\n<blockquote><p><span data-ft=\"{&quot;tn&quot;:&quot;K&quot;}\"><span class=\"UFICommentBody _1n4g\">Mais surtout \u00e0\u00a0 4:10, et 7:27 (pour terminer sa vid\u00e9o) il utilise une tombe juive clairement identifiable pour associer l&rsquo;argent et le \u00ab\u00a0tipeee d&rsquo;or\u00a0\u00bb aux juifs, c&rsquo;est effarant !<\/span><\/span><\/p><\/blockquote>\n<p><a href=\"https:\/\/postimg.cc\/image\/40yl0we6f\/\" target=\"_blank\" rel=\"noopener noreferrer\"><img decoding=\"async\" src=\"https:\/\/i.postimg.cc\/NjKBpdHJ\/994792-10153840092022385-3064232900774337842-n.jpg\" alt=\"Capture de la vid\u00e9o du Raptor sur Tibo Inshape o\u00f9 on voit une tombe juive\" border=\"0\" \/><\/a><\/p>\n<p>On notera sur la photo en-dessous qu&rsquo;il a bien fait attention \u00e0\u00a0 bien laisser appara\u00eetre \u00ab\u00a0<span data-ft=\"{&quot;tn&quot;:&quot;K&quot;}\"><span class=\"UFICommentBody\"><em>la M\u00e9norah (chandelier \u00e0\u00a0 7 branches) en prenant soin de ne pas laisser le portrait grignot\u00e9 le symbole pour qu&rsquo;il soit bien visible<\/em>\u00ab\u00a0<\/span><\/span>:<br \/>\n<a href=\"https:\/\/postimg.cc\/image\/54ipcuytj\/\" target=\"_blank\" rel=\"noopener noreferrer\"><img decoding=\"async\" src=\"https:\/\/s31.postimg.cc\/7932dy0gb\/14915300_10153840092527385_2028015612359764951_n.jpg\" alt=\"Zoom sur la M\u00e9norah\" border=\"0\" \/><\/a><\/p>\n<p>Notre carnassier n&rsquo;est pas le seul vid\u00e9aste \u00e0\u00a0 laisser glisser des r\u00e9f\u00e9rences antis\u00e9mites dans ses vid\u00e9os. R\u00e9cemment, PewDiePie a pr\u00e9sent\u00e9 ses excuses apr\u00e8s avoir \u00e9t\u00e9 point\u00e9 du doigt pour avoir un peu trop emprunt\u00e9\u00a0\u00e0\u00a0 l&rsquo;imagerie nazie dans ses vid\u00e9os comme l&rsquo;a soulign\u00e9 <a href=\"http:\/\/www.arretsurimages.net\/articles\/2017-02-21\/PewDiePie-le-youtubeur-qui-empruntait-beaucoup-a-l-imagerie-nazie-id9573\">Arr\u00eat sur Images<\/a>. Il avait \u00e9t\u00e9 aussi soup\u00e7onn\u00e9 de vouloir s\u00e9duire le public de l&rsquo;alt-right.<\/p>\n<p>En conclusion, les r\u00e9f\u00e9rences antis\u00e9mites non \u00e9quivoques et la proximit\u00e9 qu&rsquo;entretient le raptor avec l&rsquo;extr\u00eame-droite contribuent \u00e0\u00a0 alimenter un esprit malsain. Malheureusement, il semble que l\u00e9zard n&rsquo;est pas pr\u00eat de vouloir dissiper l&rsquo;ambigu\u00eft\u00e9 pour lever les doutes.<\/p>\n<p>EDITS:<\/p>\n<ul>\n<li><a href=\"https:\/\/www.francetvinfo.fr\/internet\/qui-est-raptor-dissident-le-porte-etendard-de-la-fachosphere-aux-millions-de-vues-sur-youtube_2480131.html#xtor=CS1-746\">Dans un article du 27\/11\/2017<\/a>, France info note une r\u00e9f\u00e9rence antis\u00e9mite dans la vid\u00e9o d&rsquo;Ismail Ouslimani sur Marine Le Pen:<\/li>\n<\/ul>\n<blockquote><p>Le vid\u00e9aste utilise aussi des codes antis\u00e9mites en faisant appara\u00eetre discr\u00e8tement une photo de Larry Silverstein lorsqu&rsquo;il \u00e9voque le journaliste Patrick Cohen. Cet entrepreneur juif, propri\u00e9taire du bail du World Trade Center au moment des attentats du 11-Septembre, avait \u00e9t\u00e9 d\u00e9dommag\u00e9 \u00e0\u00a0 hauteur de <a href=\"http:\/\/www.europe1.fr\/international\/11-septembre-les-compagnies-aeriennes-acceptent-lindemnisation-de-lexploitant-du-wtc-3499658\" target=\"_blank\" rel=\"noopener noreferrer\">4,55 milliards de dollars<\/a> par les assureurs. Son image est depuis utilis\u00e9e sur le \u00ab\u00a018-25\u00a0\u00bb pour ironiser sur sa pr\u00e9tendue \u00ab\u00a0chance\u00a0\u00bb.<\/p><\/blockquote>\n<p>On peut aussi noter dans cette vid\u00e9o que le reptile dit \u00ab\u00a0le Juif\u00a0\u00bb avec d\u00e9dain pour d\u00e9signer Louis Aliot et au m\u00eame moment appara\u00eet un drapeau d&rsquo;Isra\u00ebl sur son visage.<\/p>\n<ul>\n<li>Dans la m\u00eame vid\u00e9o, appara\u00eet une capture d&rsquo;\u00e9cran du site supr\u00e9maciste blanc democratieparticipative.biz peu apr\u00e8s la 4e minute, h\u00e9berg\u00e9 aux Etats-Unis car ses propos tombent sous le coup de la loi pour incitation \u00e0\u00a0 la haine raciale en France. On notera que le logo de ce site web est l<span class=\"_3oh- _58nk\">&lsquo;image du <i>Schwarze Sonne<\/i> (Le Soleil Noir en Fran\u00e7ais). Selon <a href=\"https:\/\/fr.wikipedia.org\/wiki\/Soleil_noir_(symbole_occulte)\">wikipedia<\/a>,<\/span><\/li>\n<\/ul>\n<blockquote><p>Le soleil noir est un symbole du <a title=\"Mysticisme nazi\" href=\"https:\/\/fr.wikipedia.org\/wiki\/Mysticisme_nazi\">mysticisme nazi<\/a> cr\u00e9\u00e9 par <a title=\"Karl Maria Wiligut\" href=\"https:\/\/fr.wikipedia.org\/wiki\/Karl_Maria_Wiligut\">Karl Maria Wiligut<\/a><sup id=\"cite_ref-1\" class=\"reference\"><a href=\"https:\/\/fr.wikipedia.org\/wiki\/Soleil_noir_(symbole_occulte)#cite_note-1\">1<\/a><\/sup>, il est compos\u00e9 de trois <a title=\"Svastika\" href=\"https:\/\/fr.wikipedia.org\/wiki\/Svastika\">svastika<\/a>, un symbole religieux que l&rsquo;on retrouve de l&rsquo;Europe \u00e0\u00a0 l&rsquo;Oc\u00e9anie, \u00e9troitement enlac\u00e9es ou aussi de douze fois le caract\u00e8re <a title=\"S\u00c5\u008dwil\u00c5\u008d\" href=\"https:\/\/fr.wikipedia.org\/wiki\/S%C5%8Dwil%C5%8D\">S\u00c5\u008dwil\u00c5\u008d<\/a> de l&rsquo;<a title=\"Rune\" href=\"https:\/\/fr.wikipedia.org\/wiki\/Rune\">alphabet runique<\/a> d\u00e9signant <a title=\"S\u00e0\u00b3l (mythologie)\" href=\"https:\/\/fr.wikipedia.org\/wiki\/S%C3%B3l_(mythologie)\">S\u00e0\u00b3l<\/a>, la personnification du <a title=\"Soleil\" href=\"https:\/\/fr.wikipedia.org\/wiki\/Soleil\">Soleil<\/a> dans la <a title=\"Mythologie nordique\" href=\"https:\/\/fr.wikipedia.org\/wiki\/Mythologie_nordique\">mythologie nordique<\/a>. Comme ces deux symboles, il peut \u00eatre rencontr\u00e9 dans les deux sens de rotation.<\/p><\/blockquote>\n<div style=\"width: 508px\" class=\"wp-caption alignnone\"><a href=\"https:\/\/postimg.cc\/image\/fs32ax6nb\/\"><img loading=\"lazy\" decoding=\"async\" src=\"https:\/\/i.postimg.cc\/wjDvLYv5\/dpbiz.jpg\" alt=\"Capture d'\u00e9cran du site n\u00e9o-nazi democratieparticipative.biz\" width=\"498\" height=\"280\" \/><\/a><p class=\"wp-caption-text\">Capture d&rsquo;\u00e9cran du site n\u00e9o-nazi democratieparticipative.biz \u00e0\u00a0 4 minutes et 12 secondes dans la vid\u00e9o du Raptor sur Marine Le Pen<\/p><\/div>\n<p>Dans sa vid\u00e9o du 3 juin sur Alain Soral, le Raptor d\u00e9clare sur fond d&rsquo;une illustration antis\u00e9mite (montr\u00e9e plus bas):<\/p>\n<p>Il se trouve sur l&rsquo;ordre d&rsquo;un coup de chance que de nombreuses personnalit\u00e9s influentes en France dans les mieux politiques, m\u00e9diatiques, intellectuels et financiers sont juifs sionistes.<\/p>\n<p><a href=\"https:\/\/postimages.org\/\" target=\"_blank\" rel=\"noopener noreferrer\"><img decoding=\"async\" src=\"https:\/\/s15.postimg.cc\/f86mb1a7f\/Capture_du_2018-06-16_13-34-02.png\" alt=\"Capture_du_2018-06-16_13-34-02\" border=\"0\" \/><\/a><br \/>\n<a href=\"https:\/\/postimages.org\/\">Capture d&rsquo;\u00e9cran de la vid\u00e9o du 3 juin sur Alain Soral. On voit une \u00e9toile de David sur plusieurs personnalit\u00e9s consid\u00e9r\u00e9es comme \u00ab\u00a0juives\u00a0\u00bb par le Raptor.<\/a><\/p>\n<p>Il renvoie dos \u00e0\u00a0 dos \u00ab\u00a0l&rsquo;immigration arabo-musulmane\u00a0\u00bb et ces \u00ab\u00a0Juifs sionistes\u00a0\u00bb comme deux \u00ab\u00a0corps \u00e9trangers\u00a0\u00bb. Il parlera aussi de \u00ab\u00a0politiques jud\u00e9o-serviles\u00a0\u00bb pour d\u00e9signer les pro-Isra\u00e9liens.<\/p>\n<p>Views: 4692<\/p>","protected":false},"excerpt":{"rendered":"<p>Un mot m&rsquo;a tout de suite fait bondir dans la bande annonce du prochain \u00e9pisode du raptor dissident sur le 8 novembre 2016 (jour de l&rsquo;\u00e9lection de Trump), celui de \u00ab\u00a0cosmopolite\u00a0\u00bb. Cette accusation \u00e9tait aussi bien pr\u00e9sente chez les nazis que chez les staliniens. Hitler employait ce mot dans Mein Kampf pour insister sur l&rsquo;absence [&hellip;]<\/p>\n","protected":false},"author":1,"featured_media":0,"comment_status":"open","ping_status":"open","sticky":false,"template":"","format":"standard","meta":{"footnotes":""},"categories":[2,198],"tags":[163,78,37,77,83,166,165,164,36,168,167,52],"class_list":["post-199","post","type-post","status-publish","format-standard","hentry","category-billets-dhumeur","category-critique-de-videos","tag-antisemitisme","tag-brusset","tag-dissident","tag-franck","tag-hitler","tag-juif","tag-nazi","tag-pewdiepie","tag-raptor","tag-richard-spencer","tag-staline","tag-youtube"],"_links":{"self":[{"href":"https:\/\/debian-economist.eu\/wp\/index.php?rest_route=\/wp\/v2\/posts\/199","targetHints":{"allow":["GET"]}}],"collection":[{"href":"https:\/\/debian-economist.eu\/wp\/index.php?rest_route=\/wp\/v2\/posts"}],"about":[{"href":"https:\/\/debian-economist.eu\/wp\/index.php?rest_route=\/wp\/v2\/types\/post"}],"author":[{"embeddable":true,"href":"https:\/\/debian-economist.eu\/wp\/index.php?rest_route=\/wp\/v2\/users\/1"}],"replies":[{"embeddable":true,"href":"https:\/\/debian-economist.eu\/wp\/index.php?rest_route=%2Fwp%2Fv2%2Fcomments&post=199"}],"version-history":[{"count":9,"href":"https:\/\/debian-economist.eu\/wp\/index.php?rest_route=\/wp\/v2\/posts\/199\/revisions"}],"predecessor-version":[{"id":1052,"href":"https:\/\/debian-economist.eu\/wp\/index.php?rest_route=\/wp\/v2\/posts\/199\/revisions\/1052"}],"wp:attachment":[{"href":"https:\/\/debian-economist.eu\/wp\/index.php?rest_route=%2Fwp%2Fv2%2Fmedia&parent=199"}],"wp:term":[{"taxonomy":"category","embeddable":true,"href":"https:\/\/debian-economist.eu\/wp\/index.php?rest_route=%2Fwp%2Fv2%2Fcategories&post=199"},{"taxonomy":"post_tag","embeddable":true,"href":"https:\/\/debian-economist.eu\/wp\/index.php?rest_route=%2Fwp%2Fv2%2Ftags&post=199"}],"curies":[{"name":"wp","href":"https:\/\/api.w.org\/{rel}","templated":true}]}}